{"id":4696,"date":"2019-09-24T19:37:25","date_gmt":"2019-09-24T17:37:25","guid":{"rendered":"https:\/\/www.rabuso.com\/es\/?p=4696"},"modified":"2021-03-09T13:39:38","modified_gmt":"2021-03-09T12:39:38","slug":"daniel-anka-presidente-de-grupo-anka-y-vicepresidente-de-aeded","status":"publish","type":"post","link":"https:\/\/www.rabuso.com\/es\/blog\/referencias\/daniel-anka-presidente-de-grupo-anka-y-vicepresidente-de-aeded\/","title":{"rendered":"Daniel Anka, presidente de GRUPO ANKA y vicepresidente de AEDED"},"content":{"rendered":"<p><img decoding=\"async\" class=\"aligncenter wp-image-5509 size-full\" src=\"https:\/\/www.rabuso.com\/es\/cms\/files\/AEDED_Daniel_Anka_foto-1.jpg\" alt=\"\" width=\"690\" height=\"390\" srcset=\"https:\/\/www.rabuso.com\/es\/cms\/files\/AEDED_Daniel_Anka_foto-1.jpg 690w, https:\/\/www.rabuso.com\/es\/cms\/files\/AEDED_Daniel_Anka_foto-1-230x130.jpg 230w\" sizes=\"(max-width: 690px) 100vw, 690px\" \/><\/p>\n<p>Ya son muchos a\u00f1os los que he compartido con el equipo de RABUSO y sigo admirando la capacidad de esfuerzo, superaci\u00f3n y, sobre todo, obtenci\u00f3n de satisfacci\u00f3n que ofrecen.<\/p>\n<p>S\u00e9 que entrar por su puerta, enviar un correo o tener una llamada supone un enriquecimiento tanto profesional como personal y me siento muy orgulloso de pertenecer a su circulo de colaboradores, asociados y AMIGOS.<\/p>\n<p>&nbsp;<\/p>\n<h2>Enlace:<\/h2>\n<ul>\n<li><a href=\"https:\/\/www.grupoanka.com\/\" target=\"_blank\" rel=\"noopener\">Grupo ANKA<\/a><\/li>\n<\/ul>\n","protected":false},"excerpt":{"rendered":"<p>Admiro la capacidad de esfuerzo, superaci\u00f3n y, sobre todo, obtenci\u00f3n de satisfacci\u00f3n que ofrece RABUSO.<\/p>\n","protected":false},"author":373,"featured_media":0,"comment_status":"closed","ping_status":"closed","sticky":false,"template":"","format":"standard","meta":{"_acf_changed":false,"footnotes":""},"categories":[5],"tags":[],"class_list":["post-4696","post","type-post","status-publish","format-standard","hentry","category-referencias"],"acf":[],"aioseo_notices":[],"aioseo_head":"\n\t\t<!-- All in One SEO Pro 4.9.6.2 - aioseo.com -->\n\t<meta name=\"description\" content=\"Admiro la capacidad de esfuerzo, superaci\u00f3n y, sobre todo, obtenci\u00f3n de satisfacci\u00f3n que ofrece RABUSO.\" \/>\n\t<meta name=\"robots\" content=\"max-image-preview:large\" \/>\n\t<meta name=\"author\" content=\"827 RABUSO\"\/>\n\t<link rel=\"canonical\" href=\"https:\/\/www.rabuso.com\/es\/blog\/referencias\/daniel-anka-presidente-de-grupo-anka-y-vicepresidente-de-aeded\/\" \/>\n\t<meta name=\"generator\" content=\"All in One SEO Pro (AIOSEO) 4.9.6.2\" \/>\n\t\t<meta property=\"og:locale\" content=\"es_ES\" \/>\n\t\t<meta property=\"og:site_name\" content=\"RABUSO - Soluciones para asociaciones\" \/>\n\t\t<meta property=\"og:type\" content=\"article\" \/>\n\t\t<meta property=\"og:title\" content=\"Daniel Anka, presidente de GRUPO ANKA y vicepresidente de AEDED - RABUSO\" \/>\n\t\t<meta property=\"og:description\" content=\"Admiro la capacidad de esfuerzo, superaci\u00f3n y, sobre todo, obtenci\u00f3n de satisfacci\u00f3n que ofrece RABUSO.\" \/>\n\t\t<meta property=\"og:url\" content=\"https:\/\/www.rabuso.com\/es\/blog\/referencias\/daniel-anka-presidente-de-grupo-anka-y-vicepresidente-de-aeded\/\" \/>\n\t\t<meta property=\"og:image\" content=\"https:\/\/www.rabuso.com\/es\/cms\/files\/RABUSO_logo_h_rgb.jpg\" \/>\n\t\t<meta property=\"og:image:secure_url\" content=\"https:\/\/www.rabuso.com\/es\/cms\/files\/RABUSO_logo_h_rgb.jpg\" \/>\n\t\t<meta property=\"og:image:width\" content=\"945\" \/>\n\t\t<meta property=\"og:image:height\" content=\"354\" \/>\n\t\t<meta property=\"article:published_time\" content=\"2019-09-24T17:37:25+00:00\" \/>\n\t\t<meta property=\"article:modified_time\" content=\"2021-03-09T12:39:38+00:00\" \/>\n\t\t<meta name=\"twitter:card\" content=\"summary_large_image\" \/>\n\t\t<meta name=\"twitter:title\" content=\"Daniel Anka, presidente de GRUPO ANKA y vicepresidente de AEDED - RABUSO\" \/>\n\t\t<meta name=\"twitter:description\" content=\"Admiro la capacidad de esfuerzo, superaci\u00f3n y, sobre todo, obtenci\u00f3n de satisfacci\u00f3n que ofrece RABUSO.\" \/>\n\t\t<meta name=\"twitter:image\" content=\"https:\/\/www.rabuso.com\/es\/cms\/files\/RABUSO_logo_h_rgb.jpg\" \/>\n\t\t<script type=\"application\/ld+json\" class=\"aioseo-schema\">\n\t\t\t{\"@context\":\"https:\\\/\\\/schema.org\",\"@graph\":[{\"@type\":\"BlogPosting\",\"@id\":\"https:\\\/\\\/www.rabuso.com\\\/es\\\/blog\\\/referencias\\\/daniel-anka-presidente-de-grupo-anka-y-vicepresidente-de-aeded\\\/#blogposting\",\"name\":\"Daniel Anka, presidente de GRUPO ANKA y vicepresidente de AEDED - RABUSO\",\"headline\":\"Daniel Anka, presidente de GRUPO ANKA y vicepresidente de AEDED\",\"author\":{\"@id\":\"https:\\\/\\\/www.rabuso.com\\\/es\\\/author\\\/827\\\/#author\"},\"publisher\":{\"@id\":\"https:\\\/\\\/www.rabuso.com\\\/es\\\/#organization\"},\"image\":{\"@type\":\"ImageObject\",\"url\":\"https:\\\/\\\/www.rabuso.com\\\/es\\\/cms\\\/files\\\/AEDED_Daniel_Anka_foto-1.jpg\",\"@id\":\"https:\\\/\\\/www.rabuso.com\\\/es\\\/blog\\\/referencias\\\/daniel-anka-presidente-de-grupo-anka-y-vicepresidente-de-aeded\\\/#articleImage\",\"width\":690,\"height\":390},\"datePublished\":\"2019-09-24T19:37:25+02:00\",\"dateModified\":\"2021-03-09T13:39:38+01:00\",\"inLanguage\":\"es-ES\",\"mainEntityOfPage\":{\"@id\":\"https:\\\/\\\/www.rabuso.com\\\/es\\\/blog\\\/referencias\\\/daniel-anka-presidente-de-grupo-anka-y-vicepresidente-de-aeded\\\/#webpage\"},\"isPartOf\":{\"@id\":\"https:\\\/\\\/www.rabuso.com\\\/es\\\/blog\\\/referencias\\\/daniel-anka-presidente-de-grupo-anka-y-vicepresidente-de-aeded\\\/#webpage\"},\"articleSection\":\"Referencias\"},{\"@type\":\"BreadcrumbList\",\"@id\":\"https:\\\/\\\/www.rabuso.com\\\/es\\\/blog\\\/referencias\\\/daniel-anka-presidente-de-grupo-anka-y-vicepresidente-de-aeded\\\/#breadcrumblist\",\"itemListElement\":[{\"@type\":\"ListItem\",\"@id\":\"https:\\\/\\\/www.rabuso.com\\\/es#listItem\",\"position\":1,\"name\":\"Home\",\"item\":\"https:\\\/\\\/www.rabuso.com\\\/es\",\"nextItem\":{\"@type\":\"ListItem\",\"@id\":\"https:\\\/\\\/www.rabuso.com\\\/es\\\/blog\\\/#listItem\",\"name\":\"Blog\"}},{\"@type\":\"ListItem\",\"@id\":\"https:\\\/\\\/www.rabuso.com\\\/es\\\/blog\\\/#listItem\",\"position\":2,\"name\":\"Blog\",\"item\":\"https:\\\/\\\/www.rabuso.com\\\/es\\\/blog\\\/\",\"nextItem\":{\"@type\":\"ListItem\",\"@id\":\"https:\\\/\\\/www.rabuso.com\\\/es\\\/blog\\\/referencias\\\/#listItem\",\"name\":\"Referencias\"},\"previousItem\":{\"@type\":\"ListItem\",\"@id\":\"https:\\\/\\\/www.rabuso.com\\\/es#listItem\",\"name\":\"Home\"}},{\"@type\":\"ListItem\",\"@id\":\"https:\\\/\\\/www.rabuso.com\\\/es\\\/blog\\\/referencias\\\/#listItem\",\"position\":3,\"name\":\"Referencias\",\"item\":\"https:\\\/\\\/www.rabuso.com\\\/es\\\/blog\\\/referencias\\\/\",\"nextItem\":{\"@type\":\"ListItem\",\"@id\":\"https:\\\/\\\/www.rabuso.com\\\/es\\\/blog\\\/referencias\\\/daniel-anka-presidente-de-grupo-anka-y-vicepresidente-de-aeded\\\/#listItem\",\"name\":\"Daniel Anka, presidente de GRUPO ANKA y vicepresidente de AEDED\"},\"previousItem\":{\"@type\":\"ListItem\",\"@id\":\"https:\\\/\\\/www.rabuso.com\\\/es\\\/blog\\\/#listItem\",\"name\":\"Blog\"}},{\"@type\":\"ListItem\",\"@id\":\"https:\\\/\\\/www.rabuso.com\\\/es\\\/blog\\\/referencias\\\/daniel-anka-presidente-de-grupo-anka-y-vicepresidente-de-aeded\\\/#listItem\",\"position\":4,\"name\":\"Daniel Anka, presidente de GRUPO ANKA y vicepresidente de AEDED\",\"previousItem\":{\"@type\":\"ListItem\",\"@id\":\"https:\\\/\\\/www.rabuso.com\\\/es\\\/blog\\\/referencias\\\/#listItem\",\"name\":\"Referencias\"}}]},{\"@type\":\"Organization\",\"@id\":\"https:\\\/\\\/www.rabuso.com\\\/es\\\/#organization\",\"name\":\"RABUSO\",\"description\":\"Soluciones para asociaciones\",\"url\":\"https:\\\/\\\/www.rabuso.com\\\/es\\\/\",\"telephone\":\"+34912772037\",\"logo\":{\"@type\":\"ImageObject\",\"url\":\"https:\\\/\\\/www.rabuso.com\\\/es\\\/cms\\\/files\\\/RABUSO_logo_h_rgb.jpg\",\"@id\":\"https:\\\/\\\/www.rabuso.com\\\/es\\\/blog\\\/referencias\\\/daniel-anka-presidente-de-grupo-anka-y-vicepresidente-de-aeded\\\/#organizationLogo\",\"width\":945,\"height\":354},\"image\":{\"@id\":\"https:\\\/\\\/www.rabuso.com\\\/es\\\/blog\\\/referencias\\\/daniel-anka-presidente-de-grupo-anka-y-vicepresidente-de-aeded\\\/#organizationLogo\"},\"sameAs\":[\"https:\\\/\\\/www.youtube.com\\\/@RABUSOamc\",\"https:\\\/\\\/www.linkedin.com\\\/company\\\/RABUSOamc\"]},{\"@type\":\"Person\",\"@id\":\"https:\\\/\\\/www.rabuso.com\\\/es\\\/author\\\/827\\\/#author\",\"url\":\"https:\\\/\\\/www.rabuso.com\\\/es\\\/author\\\/827\\\/\",\"name\":\"827 RABUSO\"},{\"@type\":\"WebPage\",\"@id\":\"https:\\\/\\\/www.rabuso.com\\\/es\\\/blog\\\/referencias\\\/daniel-anka-presidente-de-grupo-anka-y-vicepresidente-de-aeded\\\/#webpage\",\"url\":\"https:\\\/\\\/www.rabuso.com\\\/es\\\/blog\\\/referencias\\\/daniel-anka-presidente-de-grupo-anka-y-vicepresidente-de-aeded\\\/\",\"name\":\"Daniel Anka, presidente de GRUPO ANKA y vicepresidente de AEDED - RABUSO\",\"description\":\"Admiro la capacidad de esfuerzo, superaci\\u00f3n y, sobre todo, obtenci\\u00f3n de satisfacci\\u00f3n que ofrece RABUSO.\",\"inLanguage\":\"es-ES\",\"isPartOf\":{\"@id\":\"https:\\\/\\\/www.rabuso.com\\\/es\\\/#website\"},\"breadcrumb\":{\"@id\":\"https:\\\/\\\/www.rabuso.com\\\/es\\\/blog\\\/referencias\\\/daniel-anka-presidente-de-grupo-anka-y-vicepresidente-de-aeded\\\/#breadcrumblist\"},\"author\":{\"@id\":\"https:\\\/\\\/www.rabuso.com\\\/es\\\/author\\\/827\\\/#author\"},\"creator\":{\"@id\":\"https:\\\/\\\/www.rabuso.com\\\/es\\\/author\\\/827\\\/#author\"},\"datePublished\":\"2019-09-24T19:37:25+02:00\",\"dateModified\":\"2021-03-09T13:39:38+01:00\"},{\"@type\":\"WebSite\",\"@id\":\"https:\\\/\\\/www.rabuso.com\\\/es\\\/#website\",\"url\":\"https:\\\/\\\/www.rabuso.com\\\/es\\\/\",\"name\":\"RABUSO\",\"description\":\"Soluciones para asociaciones\",\"inLanguage\":\"es-ES\",\"publisher\":{\"@id\":\"https:\\\/\\\/www.rabuso.com\\\/es\\\/#organization\"}}]}\n\t\t<\/script>\n\t\t<!-- All in One SEO Pro -->\r\n\t\t<title>Daniel Anka, presidente de GRUPO ANKA y vicepresidente de AEDED - RABUSO<\/title>\n\n","aioseo_head_json":{"title":"Daniel Anka, presidente de GRUPO ANKA y vicepresidente de AEDED - RABUSO","description":"Admiro la capacidad de esfuerzo, superaci\u00f3n y, sobre todo, obtenci\u00f3n de satisfacci\u00f3n que ofrece RABUSO.","canonical_url":"https:\/\/www.rabuso.com\/es\/blog\/referencias\/daniel-anka-presidente-de-grupo-anka-y-vicepresidente-de-aeded\/","robots":"max-image-preview:large","keywords":"","webmasterTools":{"miscellaneous":""},"schema":{"@context":"https:\/\/schema.org","@graph":[{"@type":"BlogPosting","@id":"https:\/\/www.rabuso.com\/es\/blog\/referencias\/daniel-anka-presidente-de-grupo-anka-y-vicepresidente-de-aeded\/#blogposting","name":"Daniel Anka, presidente de GRUPO ANKA y vicepresidente de AEDED - RABUSO","headline":"Daniel Anka, presidente de GRUPO ANKA y vicepresidente de AEDED","author":{"@id":"https:\/\/www.rabuso.com\/es\/author\/827\/#author"},"publisher":{"@id":"https:\/\/www.rabuso.com\/es\/#organization"},"image":{"@type":"ImageObject","url":"https:\/\/www.rabuso.com\/es\/cms\/files\/AEDED_Daniel_Anka_foto-1.jpg","@id":"https:\/\/www.rabuso.com\/es\/blog\/referencias\/daniel-anka-presidente-de-grupo-anka-y-vicepresidente-de-aeded\/#articleImage","width":690,"height":390},"datePublished":"2019-09-24T19:37:25+02:00","dateModified":"2021-03-09T13:39:38+01:00","inLanguage":"es-ES","mainEntityOfPage":{"@id":"https:\/\/www.rabuso.com\/es\/blog\/referencias\/daniel-anka-presidente-de-grupo-anka-y-vicepresidente-de-aeded\/#webpage"},"isPartOf":{"@id":"https:\/\/www.rabuso.com\/es\/blog\/referencias\/daniel-anka-presidente-de-grupo-anka-y-vicepresidente-de-aeded\/#webpage"},"articleSection":"Referencias"},{"@type":"BreadcrumbList","@id":"https:\/\/www.rabuso.com\/es\/blog\/referencias\/daniel-anka-presidente-de-grupo-anka-y-vicepresidente-de-aeded\/#breadcrumblist","itemListElement":[{"@type":"ListItem","@id":"https:\/\/www.rabuso.com\/es#listItem","position":1,"name":"Home","item":"https:\/\/www.rabuso.com\/es","nextItem":{"@type":"ListItem","@id":"https:\/\/www.rabuso.com\/es\/blog\/#listItem","name":"Blog"}},{"@type":"ListItem","@id":"https:\/\/www.rabuso.com\/es\/blog\/#listItem","position":2,"name":"Blog","item":"https:\/\/www.rabuso.com\/es\/blog\/","nextItem":{"@type":"ListItem","@id":"https:\/\/www.rabuso.com\/es\/blog\/referencias\/#listItem","name":"Referencias"},"previousItem":{"@type":"ListItem","@id":"https:\/\/www.rabuso.com\/es#listItem","name":"Home"}},{"@type":"ListItem","@id":"https:\/\/www.rabuso.com\/es\/blog\/referencias\/#listItem","position":3,"name":"Referencias","item":"https:\/\/www.rabuso.com\/es\/blog\/referencias\/","nextItem":{"@type":"ListItem","@id":"https:\/\/www.rabuso.com\/es\/blog\/referencias\/daniel-anka-presidente-de-grupo-anka-y-vicepresidente-de-aeded\/#listItem","name":"Daniel Anka, presidente de GRUPO ANKA y vicepresidente de AEDED"},"previousItem":{"@type":"ListItem","@id":"https:\/\/www.rabuso.com\/es\/blog\/#listItem","name":"Blog"}},{"@type":"ListItem","@id":"https:\/\/www.rabuso.com\/es\/blog\/referencias\/daniel-anka-presidente-de-grupo-anka-y-vicepresidente-de-aeded\/#listItem","position":4,"name":"Daniel Anka, presidente de GRUPO ANKA y vicepresidente de AEDED","previousItem":{"@type":"ListItem","@id":"https:\/\/www.rabuso.com\/es\/blog\/referencias\/#listItem","name":"Referencias"}}]},{"@type":"Organization","@id":"https:\/\/www.rabuso.com\/es\/#organization","name":"RABUSO","description":"Soluciones para asociaciones","url":"https:\/\/www.rabuso.com\/es\/","telephone":"+34912772037","logo":{"@type":"ImageObject","url":"https:\/\/www.rabuso.com\/es\/cms\/files\/RABUSO_logo_h_rgb.jpg","@id":"https:\/\/www.rabuso.com\/es\/blog\/referencias\/daniel-anka-presidente-de-grupo-anka-y-vicepresidente-de-aeded\/#organizationLogo","width":945,"height":354},"image":{"@id":"https:\/\/www.rabuso.com\/es\/blog\/referencias\/daniel-anka-presidente-de-grupo-anka-y-vicepresidente-de-aeded\/#organizationLogo"},"sameAs":["https:\/\/www.youtube.com\/@RABUSOamc","https:\/\/www.linkedin.com\/company\/RABUSOamc"]},{"@type":"Person","@id":"https:\/\/www.rabuso.com\/es\/author\/827\/#author","url":"https:\/\/www.rabuso.com\/es\/author\/827\/","name":"827 RABUSO"},{"@type":"WebPage","@id":"https:\/\/www.rabuso.com\/es\/blog\/referencias\/daniel-anka-presidente-de-grupo-anka-y-vicepresidente-de-aeded\/#webpage","url":"https:\/\/www.rabuso.com\/es\/blog\/referencias\/daniel-anka-presidente-de-grupo-anka-y-vicepresidente-de-aeded\/","name":"Daniel Anka, presidente de GRUPO ANKA y vicepresidente de AEDED - RABUSO","description":"Admiro la capacidad de esfuerzo, superaci\u00f3n y, sobre todo, obtenci\u00f3n de satisfacci\u00f3n que ofrece RABUSO.","inLanguage":"es-ES","isPartOf":{"@id":"https:\/\/www.rabuso.com\/es\/#website"},"breadcrumb":{"@id":"https:\/\/www.rabuso.com\/es\/blog\/referencias\/daniel-anka-presidente-de-grupo-anka-y-vicepresidente-de-aeded\/#breadcrumblist"},"author":{"@id":"https:\/\/www.rabuso.com\/es\/author\/827\/#author"},"creator":{"@id":"https:\/\/www.rabuso.com\/es\/author\/827\/#author"},"datePublished":"2019-09-24T19:37:25+02:00","dateModified":"2021-03-09T13:39:38+01:00"},{"@type":"WebSite","@id":"https:\/\/www.rabuso.com\/es\/#website","url":"https:\/\/www.rabuso.com\/es\/","name":"RABUSO","description":"Soluciones para asociaciones","inLanguage":"es-ES","publisher":{"@id":"https:\/\/www.rabuso.com\/es\/#organization"}}]},"og:locale":"es_ES","og:site_name":"RABUSO - Soluciones para asociaciones","og:type":"article","og:title":"Daniel Anka, presidente de GRUPO ANKA y vicepresidente de AEDED - RABUSO","og:description":"Admiro la capacidad de esfuerzo, superaci\u00f3n y, sobre todo, obtenci\u00f3n de satisfacci\u00f3n que ofrece RABUSO.","og:url":"https:\/\/www.rabuso.com\/es\/blog\/referencias\/daniel-anka-presidente-de-grupo-anka-y-vicepresidente-de-aeded\/","og:image":"https:\/\/www.rabuso.com\/es\/cms\/files\/RABUSO_logo_h_rgb.jpg","og:image:secure_url":"https:\/\/www.rabuso.com\/es\/cms\/files\/RABUSO_logo_h_rgb.jpg","og:image:width":945,"og:image:height":354,"article:published_time":"2019-09-24T17:37:25+00:00","article:modified_time":"2021-03-09T12:39:38+00:00","twitter:card":"summary_large_image","twitter:title":"Daniel Anka, presidente de GRUPO ANKA y vicepresidente de AEDED - RABUSO","twitter:description":"Admiro la capacidad de esfuerzo, superaci\u00f3n y, sobre todo, obtenci\u00f3n de satisfacci\u00f3n que ofrece RABUSO.","twitter:image":"https:\/\/www.rabuso.com\/es\/cms\/files\/RABUSO_logo_h_rgb.jpg"},"aioseo_meta_data":{"post_id":"4696","title":null,"description":null,"keywords":null,"keyphrases":null,"primary_term":null,"canonical_url":null,"og_title":null,"og_description":null,"og_object_type":"default","og_image_type":"default","og_image_url":null,"og_image_width":null,"og_image_height":null,"og_image_custom_url":null,"og_image_custom_fields":null,"og_video":null,"og_custom_url":null,"og_article_section":null,"og_article_tags":null,"twitter_use_og":false,"twitter_card":"default","twitter_image_type":"default","twitter_image_url":null,"twitter_image_custom_url":null,"twitter_image_custom_fields":null,"twitter_title":null,"twitter_description":null,"schema":{"blockGraphs":[],"customGraphs":[],"default":{"data":{"Article":[],"Course":[],"Dataset":[],"FAQPage":[],"Movie":[],"Person":[],"Product":[],"ProductReview":[],"Car":[],"Recipe":[],"Service":[],"SoftwareApplication":[],"WebPage":[]},"graphName":"","isEnabled":true},"graphs":[]},"schema_type":"default","schema_type_options":null,"pillar_content":false,"robots_default":true,"robots_noindex":false,"robots_noarchive":false,"robots_nosnippet":false,"robots_nofollow":false,"robots_noimageindex":false,"robots_noodp":false,"robots_notranslate":false,"robots_max_snippet":null,"robots_max_videopreview":null,"robots_max_imagepreview":"large","priority":null,"frequency":null,"local_seo":null,"seo_analyzer_scan_date":"2025-08-15 02:09:02","breadcrumb_settings":null,"limit_modified_date":false,"open_ai":null,"ai":null,"created":"2024-05-02 15:26:50","updated":"2025-08-15 02:09:02"},"aioseo_breadcrumb":"<div class=\"aioseo-breadcrumbs\"><span class=\"aioseo-breadcrumb\">\n\t<a href=\"https:\/\/www.rabuso.com\/es\" title=\"Home\">Home<\/a>\n<\/span><span class=\"aioseo-breadcrumb-separator\">&raquo;<\/span><span class=\"aioseo-breadcrumb\">\n\t<a href=\"https:\/\/www.rabuso.com\/es\/blog\/\" title=\"Blog\">Blog<\/a>\n<\/span><span class=\"aioseo-breadcrumb-separator\">&raquo;<\/span><span class=\"aioseo-breadcrumb\">\n\t<a href=\"https:\/\/www.rabuso.com\/es\/blog\/referencias\/\" title=\"Referencias\">Referencias<\/a>\n<\/span><span class=\"aioseo-breadcrumb-separator\">&raquo;<\/span><span class=\"aioseo-breadcrumb\">\n\tDaniel Anka, presidente de GRUPO ANKA y vicepresidente de AEDED\n<\/span><\/div>","aioseo_breadcrumb_json":[{"label":"Home","link":"https:\/\/www.rabuso.com\/es"},{"label":"Blog","link":"https:\/\/www.rabuso.com\/es\/blog\/"},{"label":"Referencias","link":"https:\/\/www.rabuso.com\/es\/blog\/referencias\/"},{"label":"Daniel Anka, presidente de GRUPO ANKA y vicepresidente de AEDED","link":"https:\/\/www.rabuso.com\/es\/blog\/referencias\/daniel-anka-presidente-de-grupo-anka-y-vicepresidente-de-aeded\/"}],"_links":{"self":[{"href":"https:\/\/www.rabuso.com\/es\/wp-json\/wp\/v2\/posts\/4696","targetHints":{"allow":["GET"]}}],"collection":[{"href":"https:\/\/www.rabuso.com\/es\/wp-json\/wp\/v2\/posts"}],"about":[{"href":"https:\/\/www.rabuso.com\/es\/wp-json\/wp\/v2\/types\/post"}],"author":[{"embeddable":true,"href":"https:\/\/www.rabuso.com\/es\/wp-json\/wp\/v2\/users\/373"}],"replies":[{"embeddable":true,"href":"https:\/\/www.rabuso.com\/es\/wp-json\/wp\/v2\/comments?post=4696"}],"version-history":[{"count":0,"href":"https:\/\/www.rabuso.com\/es\/wp-json\/wp\/v2\/posts\/4696\/revisions"}],"wp:attachment":[{"href":"https:\/\/www.rabuso.com\/es\/wp-json\/wp\/v2\/media?parent=4696"}],"wp:term":[{"taxonomy":"category","embeddable":true,"href":"https:\/\/www.rabuso.com\/es\/wp-json\/wp\/v2\/categories?post=4696"},{"taxonomy":"post_tag","embeddable":true,"href":"https:\/\/www.rabuso.com\/es\/wp-json\/wp\/v2\/tags?post=4696"}],"curies":[{"name":"wp","href":"https:\/\/api.w.org\/{rel}","templated":true}]}}