{"id":3968,"date":"2017-11-01T12:07:22","date_gmt":"2017-11-01T11:07:22","guid":{"rendered":"http:\/\/www.rabuso.com\/es\/?p=3968"},"modified":"2021-03-16T12:10:59","modified_gmt":"2021-03-16T11:10:59","slug":"francisco-cobo-vicepresidente-la-asociacion-europea-demolicion-eda","status":"publish","type":"post","link":"https:\/\/www.rabuso.com\/es\/blog\/referencias\/francisco-cobo-vicepresidente-la-asociacion-europea-demolicion-eda\/","title":{"rendered":"Francisco Cobo, presidente de la Asociaci\u00f3n Europea de Demolici\u00f3n, EDA"},"content":{"rendered":"<p><img decoding=\"async\" class=\"aligncenter wp-image-5524 size-full\" src=\"https:\/\/www.rabuso.com\/es\/cms\/files\/EDA_Francisco_Cobo.jpg\" alt=\"\" width=\"690\" height=\"390\" srcset=\"https:\/\/www.rabuso.com\/es\/cms\/files\/EDA_Francisco_Cobo.jpg 690w, https:\/\/www.rabuso.com\/es\/cms\/files\/EDA_Francisco_Cobo-230x130.jpg 230w\" sizes=\"(max-width: 690px) 100vw, 690px\" \/><\/p>\n<p style=\"font-weight: 400;\">Para m\u00ed, trabajar con Rabuso signific\u00f3 en primer lugar una sorpresa. Sorprende que una organizaci\u00f3n vaya por delante no solo de las pretensiones de sus clientes, sino de las propias necesidades de estos, antes de que sean conscientes de ellas.<\/p>\n<p style=\"font-weight: 400;\">Y adem\u00e1s, satisfacci\u00f3n, dado el nivel de calidad que la gesti\u00f3n de Rabuso alcanza, ya que se percibe que detr\u00e1s de ella hay mucho trabajo y mucha inteligencia.<\/p>\n<p>&nbsp;<\/p>\n<h2>Enlace:<\/h2>\n<ul>\n<li><a href=\"https:\/\/www.europeandemolition.org\/\" target=\"_blank\" rel=\"noopener\">EDA, European Demolition Association<\/a><\/li>\n<\/ul>\n","protected":false},"excerpt":{"rendered":"<p>Trabajar con Rabuso signific\u00f3 una sorpresa, ya que no es habitual que una organizaci\u00f3n vaya por delante no solo de las pretensiones de sus clientes, sino de las propias necesidades de estos.<\/p>\n","protected":false},"author":373,"featured_media":0,"comment_status":"closed","ping_status":"closed","sticky":false,"template":"","format":"standard","meta":{"_acf_changed":false,"footnotes":""},"categories":[5],"tags":[],"class_list":["post-3968","post","type-post","status-publish","format-standard","hentry","category-referencias"],"acf":[],"aioseo_notices":[],"aioseo_head":"\n\t\t<!-- All in One SEO Pro 4.9.6.2 - aioseo.com -->\n\t<meta name=\"description\" content=\"Trabajar con Rabuso signific\u00f3 una sorpresa, ya que no es habitual que una organizaci\u00f3n vaya por delante no solo de las pretensiones de sus clientes, sino de las propias necesidades de estos.\" \/>\n\t<meta name=\"robots\" content=\"max-image-preview:large\" \/>\n\t<meta name=\"author\" content=\"827 RABUSO\"\/>\n\t<link rel=\"canonical\" href=\"https:\/\/www.rabuso.com\/es\/blog\/referencias\/francisco-cobo-vicepresidente-la-asociacion-europea-demolicion-eda\/\" \/>\n\t<meta name=\"generator\" content=\"All in One SEO Pro (AIOSEO) 4.9.6.2\" \/>\n\t\t<meta property=\"og:locale\" content=\"es_ES\" \/>\n\t\t<meta property=\"og:site_name\" content=\"RABUSO - Soluciones para asociaciones\" \/>\n\t\t<meta property=\"og:type\" content=\"article\" \/>\n\t\t<meta property=\"og:title\" content=\"Francisco Cobo, presidente de la Asociaci\u00f3n Europea de Demolici\u00f3n, EDA - RABUSO\" \/>\n\t\t<meta property=\"og:description\" content=\"Trabajar con Rabuso signific\u00f3 una sorpresa, ya que no es habitual que una organizaci\u00f3n vaya por delante no solo de las pretensiones de sus clientes, sino de las propias necesidades de estos.\" \/>\n\t\t<meta property=\"og:url\" content=\"https:\/\/www.rabuso.com\/es\/blog\/referencias\/francisco-cobo-vicepresidente-la-asociacion-europea-demolicion-eda\/\" \/>\n\t\t<meta property=\"og:image\" content=\"https:\/\/www.rabuso.com\/es\/cms\/files\/RABUSO_logo_h_rgb.jpg\" \/>\n\t\t<meta property=\"og:image:secure_url\" content=\"https:\/\/www.rabuso.com\/es\/cms\/files\/RABUSO_logo_h_rgb.jpg\" \/>\n\t\t<meta property=\"og:image:width\" content=\"945\" \/>\n\t\t<meta property=\"og:image:height\" content=\"354\" \/>\n\t\t<meta property=\"article:published_time\" content=\"2017-11-01T11:07:22+00:00\" \/>\n\t\t<meta property=\"article:modified_time\" content=\"2021-03-16T11:10:59+00:00\" \/>\n\t\t<meta name=\"twitter:card\" content=\"summary_large_image\" \/>\n\t\t<meta name=\"twitter:title\" content=\"Francisco Cobo, presidente de la Asociaci\u00f3n Europea de Demolici\u00f3n, EDA - RABUSO\" \/>\n\t\t<meta name=\"twitter:description\" content=\"Trabajar con Rabuso signific\u00f3 una sorpresa, ya que no es habitual que una organizaci\u00f3n vaya por delante no solo de las pretensiones de sus clientes, sino de las propias necesidades de estos.\" \/>\n\t\t<meta name=\"twitter:image\" content=\"https:\/\/www.rabuso.com\/es\/cms\/files\/RABUSO_logo_h_rgb.jpg\" \/>\n\t\t<script type=\"application\/ld+json\" class=\"aioseo-schema\">\n\t\t\t{\"@context\":\"https:\\\/\\\/schema.org\",\"@graph\":[{\"@type\":\"BlogPosting\",\"@id\":\"https:\\\/\\\/www.rabuso.com\\\/es\\\/blog\\\/referencias\\\/francisco-cobo-vicepresidente-la-asociacion-europea-demolicion-eda\\\/#blogposting\",\"name\":\"Francisco Cobo, presidente de la Asociaci\\u00f3n Europea de Demolici\\u00f3n, EDA - RABUSO\",\"headline\":\"Francisco Cobo, presidente de la Asociaci\\u00f3n Europea de Demolici\\u00f3n, EDA\",\"author\":{\"@id\":\"https:\\\/\\\/www.rabuso.com\\\/es\\\/author\\\/827\\\/#author\"},\"publisher\":{\"@id\":\"https:\\\/\\\/www.rabuso.com\\\/es\\\/#organization\"},\"image\":{\"@type\":\"ImageObject\",\"url\":\"https:\\\/\\\/www.rabuso.com\\\/es\\\/cms\\\/files\\\/EDA_Francisco_Cobo.jpg\",\"@id\":\"https:\\\/\\\/www.rabuso.com\\\/es\\\/blog\\\/referencias\\\/francisco-cobo-vicepresidente-la-asociacion-europea-demolicion-eda\\\/#articleImage\",\"width\":690,\"height\":390},\"datePublished\":\"2017-11-01T12:07:22+01:00\",\"dateModified\":\"2021-03-16T12:10:59+01:00\",\"inLanguage\":\"es-ES\",\"mainEntityOfPage\":{\"@id\":\"https:\\\/\\\/www.rabuso.com\\\/es\\\/blog\\\/referencias\\\/francisco-cobo-vicepresidente-la-asociacion-europea-demolicion-eda\\\/#webpage\"},\"isPartOf\":{\"@id\":\"https:\\\/\\\/www.rabuso.com\\\/es\\\/blog\\\/referencias\\\/francisco-cobo-vicepresidente-la-asociacion-europea-demolicion-eda\\\/#webpage\"},\"articleSection\":\"Referencias\"},{\"@type\":\"BreadcrumbList\",\"@id\":\"https:\\\/\\\/www.rabuso.com\\\/es\\\/blog\\\/referencias\\\/francisco-cobo-vicepresidente-la-asociacion-europea-demolicion-eda\\\/#breadcrumblist\",\"itemListElement\":[{\"@type\":\"ListItem\",\"@id\":\"https:\\\/\\\/www.rabuso.com\\\/es#listItem\",\"position\":1,\"name\":\"Home\",\"item\":\"https:\\\/\\\/www.rabuso.com\\\/es\",\"nextItem\":{\"@type\":\"ListItem\",\"@id\":\"https:\\\/\\\/www.rabuso.com\\\/es\\\/blog\\\/#listItem\",\"name\":\"Blog\"}},{\"@type\":\"ListItem\",\"@id\":\"https:\\\/\\\/www.rabuso.com\\\/es\\\/blog\\\/#listItem\",\"position\":2,\"name\":\"Blog\",\"item\":\"https:\\\/\\\/www.rabuso.com\\\/es\\\/blog\\\/\",\"nextItem\":{\"@type\":\"ListItem\",\"@id\":\"https:\\\/\\\/www.rabuso.com\\\/es\\\/blog\\\/referencias\\\/#listItem\",\"name\":\"Referencias\"},\"previousItem\":{\"@type\":\"ListItem\",\"@id\":\"https:\\\/\\\/www.rabuso.com\\\/es#listItem\",\"name\":\"Home\"}},{\"@type\":\"ListItem\",\"@id\":\"https:\\\/\\\/www.rabuso.com\\\/es\\\/blog\\\/referencias\\\/#listItem\",\"position\":3,\"name\":\"Referencias\",\"item\":\"https:\\\/\\\/www.rabuso.com\\\/es\\\/blog\\\/referencias\\\/\",\"nextItem\":{\"@type\":\"ListItem\",\"@id\":\"https:\\\/\\\/www.rabuso.com\\\/es\\\/blog\\\/referencias\\\/francisco-cobo-vicepresidente-la-asociacion-europea-demolicion-eda\\\/#listItem\",\"name\":\"Francisco Cobo, presidente de la Asociaci\\u00f3n Europea de Demolici\\u00f3n, EDA\"},\"previousItem\":{\"@type\":\"ListItem\",\"@id\":\"https:\\\/\\\/www.rabuso.com\\\/es\\\/blog\\\/#listItem\",\"name\":\"Blog\"}},{\"@type\":\"ListItem\",\"@id\":\"https:\\\/\\\/www.rabuso.com\\\/es\\\/blog\\\/referencias\\\/francisco-cobo-vicepresidente-la-asociacion-europea-demolicion-eda\\\/#listItem\",\"position\":4,\"name\":\"Francisco Cobo, presidente de la Asociaci\\u00f3n Europea de Demolici\\u00f3n, EDA\",\"previousItem\":{\"@type\":\"ListItem\",\"@id\":\"https:\\\/\\\/www.rabuso.com\\\/es\\\/blog\\\/referencias\\\/#listItem\",\"name\":\"Referencias\"}}]},{\"@type\":\"Organization\",\"@id\":\"https:\\\/\\\/www.rabuso.com\\\/es\\\/#organization\",\"name\":\"RABUSO\",\"description\":\"Soluciones para asociaciones\",\"url\":\"https:\\\/\\\/www.rabuso.com\\\/es\\\/\",\"telephone\":\"+34912772037\",\"logo\":{\"@type\":\"ImageObject\",\"url\":\"https:\\\/\\\/www.rabuso.com\\\/es\\\/cms\\\/files\\\/RABUSO_logo_h_rgb.jpg\",\"@id\":\"https:\\\/\\\/www.rabuso.com\\\/es\\\/blog\\\/referencias\\\/francisco-cobo-vicepresidente-la-asociacion-europea-demolicion-eda\\\/#organizationLogo\",\"width\":945,\"height\":354},\"image\":{\"@id\":\"https:\\\/\\\/www.rabuso.com\\\/es\\\/blog\\\/referencias\\\/francisco-cobo-vicepresidente-la-asociacion-europea-demolicion-eda\\\/#organizationLogo\"},\"sameAs\":[\"https:\\\/\\\/www.youtube.com\\\/@RABUSOamc\",\"https:\\\/\\\/www.linkedin.com\\\/company\\\/RABUSOamc\"]},{\"@type\":\"Person\",\"@id\":\"https:\\\/\\\/www.rabuso.com\\\/es\\\/author\\\/827\\\/#author\",\"url\":\"https:\\\/\\\/www.rabuso.com\\\/es\\\/author\\\/827\\\/\",\"name\":\"827 RABUSO\"},{\"@type\":\"WebPage\",\"@id\":\"https:\\\/\\\/www.rabuso.com\\\/es\\\/blog\\\/referencias\\\/francisco-cobo-vicepresidente-la-asociacion-europea-demolicion-eda\\\/#webpage\",\"url\":\"https:\\\/\\\/www.rabuso.com\\\/es\\\/blog\\\/referencias\\\/francisco-cobo-vicepresidente-la-asociacion-europea-demolicion-eda\\\/\",\"name\":\"Francisco Cobo, presidente de la Asociaci\\u00f3n Europea de Demolici\\u00f3n, EDA - RABUSO\",\"description\":\"Trabajar con Rabuso signific\\u00f3 una sorpresa, ya que no es habitual que una organizaci\\u00f3n vaya por delante no solo de las pretensiones de sus clientes, sino de las propias necesidades de estos.\",\"inLanguage\":\"es-ES\",\"isPartOf\":{\"@id\":\"https:\\\/\\\/www.rabuso.com\\\/es\\\/#website\"},\"breadcrumb\":{\"@id\":\"https:\\\/\\\/www.rabuso.com\\\/es\\\/blog\\\/referencias\\\/francisco-cobo-vicepresidente-la-asociacion-europea-demolicion-eda\\\/#breadcrumblist\"},\"author\":{\"@id\":\"https:\\\/\\\/www.rabuso.com\\\/es\\\/author\\\/827\\\/#author\"},\"creator\":{\"@id\":\"https:\\\/\\\/www.rabuso.com\\\/es\\\/author\\\/827\\\/#author\"},\"datePublished\":\"2017-11-01T12:07:22+01:00\",\"dateModified\":\"2021-03-16T12:10:59+01:00\"},{\"@type\":\"WebSite\",\"@id\":\"https:\\\/\\\/www.rabuso.com\\\/es\\\/#website\",\"url\":\"https:\\\/\\\/www.rabuso.com\\\/es\\\/\",\"name\":\"RABUSO\",\"description\":\"Soluciones para asociaciones\",\"inLanguage\":\"es-ES\",\"publisher\":{\"@id\":\"https:\\\/\\\/www.rabuso.com\\\/es\\\/#organization\"}}]}\n\t\t<\/script>\n\t\t<!-- All in One SEO Pro -->\r\n\t\t<title>Francisco Cobo, presidente de la Asociaci\u00f3n Europea de Demolici\u00f3n, EDA - RABUSO<\/title>\n\n","aioseo_head_json":{"title":"Francisco Cobo, presidente de la Asociaci\u00f3n Europea de Demolici\u00f3n, EDA - RABUSO","description":"Trabajar con Rabuso signific\u00f3 una sorpresa, ya que no es habitual que una organizaci\u00f3n vaya por delante no solo de las pretensiones de sus clientes, sino de las propias necesidades de estos.","canonical_url":"https:\/\/www.rabuso.com\/es\/blog\/referencias\/francisco-cobo-vicepresidente-la-asociacion-europea-demolicion-eda\/","robots":"max-image-preview:large","keywords":"","webmasterTools":{"miscellaneous":""},"schema":{"@context":"https:\/\/schema.org","@graph":[{"@type":"BlogPosting","@id":"https:\/\/www.rabuso.com\/es\/blog\/referencias\/francisco-cobo-vicepresidente-la-asociacion-europea-demolicion-eda\/#blogposting","name":"Francisco Cobo, presidente de la Asociaci\u00f3n Europea de Demolici\u00f3n, EDA - RABUSO","headline":"Francisco Cobo, presidente de la Asociaci\u00f3n Europea de Demolici\u00f3n, EDA","author":{"@id":"https:\/\/www.rabuso.com\/es\/author\/827\/#author"},"publisher":{"@id":"https:\/\/www.rabuso.com\/es\/#organization"},"image":{"@type":"ImageObject","url":"https:\/\/www.rabuso.com\/es\/cms\/files\/EDA_Francisco_Cobo.jpg","@id":"https:\/\/www.rabuso.com\/es\/blog\/referencias\/francisco-cobo-vicepresidente-la-asociacion-europea-demolicion-eda\/#articleImage","width":690,"height":390},"datePublished":"2017-11-01T12:07:22+01:00","dateModified":"2021-03-16T12:10:59+01:00","inLanguage":"es-ES","mainEntityOfPage":{"@id":"https:\/\/www.rabuso.com\/es\/blog\/referencias\/francisco-cobo-vicepresidente-la-asociacion-europea-demolicion-eda\/#webpage"},"isPartOf":{"@id":"https:\/\/www.rabuso.com\/es\/blog\/referencias\/francisco-cobo-vicepresidente-la-asociacion-europea-demolicion-eda\/#webpage"},"articleSection":"Referencias"},{"@type":"BreadcrumbList","@id":"https:\/\/www.rabuso.com\/es\/blog\/referencias\/francisco-cobo-vicepresidente-la-asociacion-europea-demolicion-eda\/#breadcrumblist","itemListElement":[{"@type":"ListItem","@id":"https:\/\/www.rabuso.com\/es#listItem","position":1,"name":"Home","item":"https:\/\/www.rabuso.com\/es","nextItem":{"@type":"ListItem","@id":"https:\/\/www.rabuso.com\/es\/blog\/#listItem","name":"Blog"}},{"@type":"ListItem","@id":"https:\/\/www.rabuso.com\/es\/blog\/#listItem","position":2,"name":"Blog","item":"https:\/\/www.rabuso.com\/es\/blog\/","nextItem":{"@type":"ListItem","@id":"https:\/\/www.rabuso.com\/es\/blog\/referencias\/#listItem","name":"Referencias"},"previousItem":{"@type":"ListItem","@id":"https:\/\/www.rabuso.com\/es#listItem","name":"Home"}},{"@type":"ListItem","@id":"https:\/\/www.rabuso.com\/es\/blog\/referencias\/#listItem","position":3,"name":"Referencias","item":"https:\/\/www.rabuso.com\/es\/blog\/referencias\/","nextItem":{"@type":"ListItem","@id":"https:\/\/www.rabuso.com\/es\/blog\/referencias\/francisco-cobo-vicepresidente-la-asociacion-europea-demolicion-eda\/#listItem","name":"Francisco Cobo, presidente de la Asociaci\u00f3n Europea de Demolici\u00f3n, EDA"},"previousItem":{"@type":"ListItem","@id":"https:\/\/www.rabuso.com\/es\/blog\/#listItem","name":"Blog"}},{"@type":"ListItem","@id":"https:\/\/www.rabuso.com\/es\/blog\/referencias\/francisco-cobo-vicepresidente-la-asociacion-europea-demolicion-eda\/#listItem","position":4,"name":"Francisco Cobo, presidente de la Asociaci\u00f3n Europea de Demolici\u00f3n, EDA","previousItem":{"@type":"ListItem","@id":"https:\/\/www.rabuso.com\/es\/blog\/referencias\/#listItem","name":"Referencias"}}]},{"@type":"Organization","@id":"https:\/\/www.rabuso.com\/es\/#organization","name":"RABUSO","description":"Soluciones para asociaciones","url":"https:\/\/www.rabuso.com\/es\/","telephone":"+34912772037","logo":{"@type":"ImageObject","url":"https:\/\/www.rabuso.com\/es\/cms\/files\/RABUSO_logo_h_rgb.jpg","@id":"https:\/\/www.rabuso.com\/es\/blog\/referencias\/francisco-cobo-vicepresidente-la-asociacion-europea-demolicion-eda\/#organizationLogo","width":945,"height":354},"image":{"@id":"https:\/\/www.rabuso.com\/es\/blog\/referencias\/francisco-cobo-vicepresidente-la-asociacion-europea-demolicion-eda\/#organizationLogo"},"sameAs":["https:\/\/www.youtube.com\/@RABUSOamc","https:\/\/www.linkedin.com\/company\/RABUSOamc"]},{"@type":"Person","@id":"https:\/\/www.rabuso.com\/es\/author\/827\/#author","url":"https:\/\/www.rabuso.com\/es\/author\/827\/","name":"827 RABUSO"},{"@type":"WebPage","@id":"https:\/\/www.rabuso.com\/es\/blog\/referencias\/francisco-cobo-vicepresidente-la-asociacion-europea-demolicion-eda\/#webpage","url":"https:\/\/www.rabuso.com\/es\/blog\/referencias\/francisco-cobo-vicepresidente-la-asociacion-europea-demolicion-eda\/","name":"Francisco Cobo, presidente de la Asociaci\u00f3n Europea de Demolici\u00f3n, EDA - RABUSO","description":"Trabajar con Rabuso signific\u00f3 una sorpresa, ya que no es habitual que una organizaci\u00f3n vaya por delante no solo de las pretensiones de sus clientes, sino de las propias necesidades de estos.","inLanguage":"es-ES","isPartOf":{"@id":"https:\/\/www.rabuso.com\/es\/#website"},"breadcrumb":{"@id":"https:\/\/www.rabuso.com\/es\/blog\/referencias\/francisco-cobo-vicepresidente-la-asociacion-europea-demolicion-eda\/#breadcrumblist"},"author":{"@id":"https:\/\/www.rabuso.com\/es\/author\/827\/#author"},"creator":{"@id":"https:\/\/www.rabuso.com\/es\/author\/827\/#author"},"datePublished":"2017-11-01T12:07:22+01:00","dateModified":"2021-03-16T12:10:59+01:00"},{"@type":"WebSite","@id":"https:\/\/www.rabuso.com\/es\/#website","url":"https:\/\/www.rabuso.com\/es\/","name":"RABUSO","description":"Soluciones para asociaciones","inLanguage":"es-ES","publisher":{"@id":"https:\/\/www.rabuso.com\/es\/#organization"}}]},"og:locale":"es_ES","og:site_name":"RABUSO - Soluciones para asociaciones","og:type":"article","og:title":"Francisco Cobo, presidente de la Asociaci\u00f3n Europea de Demolici\u00f3n, EDA - RABUSO","og:description":"Trabajar con Rabuso signific\u00f3 una sorpresa, ya que no es habitual que una organizaci\u00f3n vaya por delante no solo de las pretensiones de sus clientes, sino de las propias necesidades de estos.","og:url":"https:\/\/www.rabuso.com\/es\/blog\/referencias\/francisco-cobo-vicepresidente-la-asociacion-europea-demolicion-eda\/","og:image":"https:\/\/www.rabuso.com\/es\/cms\/files\/RABUSO_logo_h_rgb.jpg","og:image:secure_url":"https:\/\/www.rabuso.com\/es\/cms\/files\/RABUSO_logo_h_rgb.jpg","og:image:width":945,"og:image:height":354,"article:published_time":"2017-11-01T11:07:22+00:00","article:modified_time":"2021-03-16T11:10:59+00:00","twitter:card":"summary_large_image","twitter:title":"Francisco Cobo, presidente de la Asociaci\u00f3n Europea de Demolici\u00f3n, EDA - RABUSO","twitter:description":"Trabajar con Rabuso signific\u00f3 una sorpresa, ya que no es habitual que una organizaci\u00f3n vaya por delante no solo de las pretensiones de sus clientes, sino de las propias necesidades de estos.","twitter:image":"https:\/\/www.rabuso.com\/es\/cms\/files\/RABUSO_logo_h_rgb.jpg"},"aioseo_meta_data":{"post_id":"3968","title":null,"description":null,"keywords":null,"keyphrases":null,"primary_term":null,"canonical_url":null,"og_title":null,"og_description":null,"og_object_type":"default","og_image_type":"default","og_image_url":null,"og_image_width":null,"og_image_height":null,"og_image_custom_url":null,"og_image_custom_fields":null,"og_video":null,"og_custom_url":null,"og_article_section":null,"og_article_tags":null,"twitter_use_og":false,"twitter_card":"default","twitter_image_type":"default","twitter_image_url":null,"twitter_image_custom_url":null,"twitter_image_custom_fields":null,"twitter_title":null,"twitter_description":null,"schema":{"blockGraphs":[],"customGraphs":[],"default":{"data":{"Article":[],"Course":[],"Dataset":[],"FAQPage":[],"Movie":[],"Person":[],"Product":[],"ProductReview":[],"Car":[],"Recipe":[],"Service":[],"SoftwareApplication":[],"WebPage":[]},"graphName":"","isEnabled":true},"graphs":[]},"schema_type":"default","schema_type_options":null,"pillar_content":false,"robots_default":true,"robots_noindex":false,"robots_noarchive":false,"robots_nosnippet":false,"robots_nofollow":false,"robots_noimageindex":false,"robots_noodp":false,"robots_notranslate":false,"robots_max_snippet":null,"robots_max_videopreview":null,"robots_max_imagepreview":"large","priority":null,"frequency":null,"local_seo":null,"seo_analyzer_scan_date":"2025-08-15 05:22:54","breadcrumb_settings":null,"limit_modified_date":false,"open_ai":null,"ai":null,"created":"2024-05-02 15:23:09","updated":"2025-08-15 05:22:54"},"aioseo_breadcrumb":"<div class=\"aioseo-breadcrumbs\"><span class=\"aioseo-breadcrumb\">\n\t<a href=\"https:\/\/www.rabuso.com\/es\" title=\"Home\">Home<\/a>\n<\/span><span class=\"aioseo-breadcrumb-separator\">&raquo;<\/span><span class=\"aioseo-breadcrumb\">\n\t<a href=\"https:\/\/www.rabuso.com\/es\/blog\/\" title=\"Blog\">Blog<\/a>\n<\/span><span class=\"aioseo-breadcrumb-separator\">&raquo;<\/span><span class=\"aioseo-breadcrumb\">\n\t<a href=\"https:\/\/www.rabuso.com\/es\/blog\/referencias\/\" title=\"Referencias\">Referencias<\/a>\n<\/span><span class=\"aioseo-breadcrumb-separator\">&raquo;<\/span><span class=\"aioseo-breadcrumb\">\n\tFrancisco Cobo, presidente de la Asociaci\u00f3n Europea de Demolici\u00f3n, EDA\n<\/span><\/div>","aioseo_breadcrumb_json":[{"label":"Home","link":"https:\/\/www.rabuso.com\/es"},{"label":"Blog","link":"https:\/\/www.rabuso.com\/es\/blog\/"},{"label":"Referencias","link":"https:\/\/www.rabuso.com\/es\/blog\/referencias\/"},{"label":"Francisco Cobo, presidente de la Asociaci\u00f3n Europea de Demolici\u00f3n, EDA","link":"https:\/\/www.rabuso.com\/es\/blog\/referencias\/francisco-cobo-vicepresidente-la-asociacion-europea-demolicion-eda\/"}],"_links":{"self":[{"href":"https:\/\/www.rabuso.com\/es\/wp-json\/wp\/v2\/posts\/3968","targetHints":{"allow":["GET"]}}],"collection":[{"href":"https:\/\/www.rabuso.com\/es\/wp-json\/wp\/v2\/posts"}],"about":[{"href":"https:\/\/www.rabuso.com\/es\/wp-json\/wp\/v2\/types\/post"}],"author":[{"embeddable":true,"href":"https:\/\/www.rabuso.com\/es\/wp-json\/wp\/v2\/users\/373"}],"replies":[{"embeddable":true,"href":"https:\/\/www.rabuso.com\/es\/wp-json\/wp\/v2\/comments?post=3968"}],"version-history":[{"count":0,"href":"https:\/\/www.rabuso.com\/es\/wp-json\/wp\/v2\/posts\/3968\/revisions"}],"wp:attachment":[{"href":"https:\/\/www.rabuso.com\/es\/wp-json\/wp\/v2\/media?parent=3968"}],"wp:term":[{"taxonomy":"category","embeddable":true,"href":"https:\/\/www.rabuso.com\/es\/wp-json\/wp\/v2\/categories?post=3968"},{"taxonomy":"post_tag","embeddable":true,"href":"https:\/\/www.rabuso.com\/es\/wp-json\/wp\/v2\/tags?post=3968"}],"curies":[{"name":"wp","href":"https:\/\/api.w.org\/{rel}","templated":true}]}}